{"id":4850,"date":"2019-01-11T12:47:01","date_gmt":"2019-01-11T12:47:01","guid":{"rendered":"https:\/\/lacuinade.timit2003.com\/poniclub\/sin-categorizar\/abiertas-las-inscripciones-para-los-cursillos-intensivos-de-semana-santa\/"},"modified":"2024-01-12T15:21:53","modified_gmt":"2024-01-12T15:21:53","slug":"abiertas-las-inscripciones-para-los-cursillos-intensivos-de-semana-santa","status":"publish","type":"post","link":"https:\/\/poniclubcatalunya.cat\/es\/abiertas-las-inscripciones-para-los-cursillos-intensivos-de-semana-santa\/","title":{"rendered":"Abiertas las inscripciones para los Cursillos Intensivos de Semana Santa"},"content":{"rendered":"\n<p class=\"has-medium-font-size\"><strong>PEQUE\u00d1A ESCUELA Y ESCUELA DE EQUITACI\u00d3N<\/strong><\/p>\n\n<p><strong>Del 15 al 18 de abril<\/strong><br\/>&#8211; de 9 ha 13 h  <br\/>  &#8211; de 9 ha 17 h &#8211; 240 \u20ac<\/p>\n\n<p>Clases de iniciaci\u00f3n<\/p>\n\n<p>Clases de perfeccionamiento<\/p>\n\n<p>Preparaci\u00f3n ex\u00e1menes de Galops<\/p>\n\n<p>Peque\u00f1a Escuela de Ponis<\/p>\n\n<p>Clases particulares y\/o grupos reducidos por las tardes<\/p>\n\n<p>Inscripciones en la oficina<\/p>\n","protected":false},"excerpt":{"rendered":"<p>PEQUE\u00d1A ESCUELA Y ESCUELA DE EQUITACI\u00d3N Del 15 al 18 de abril&#8211; de 9 ha 13 h &#8211; de 9 ha 17 h &#8211; 240 \u20ac Clases de iniciaci\u00f3n Clases de perfeccionamiento Preparaci\u00f3n ex\u00e1menes de Galops Peque\u00f1a Escuela de Ponis Clases particulares y\/o grupos reducidos por las tardes Inscripciones en la oficina<\/p>\n","protected":false},"author":1,"featured_media":3806,"comment_status":"open","ping_status":"closed","sticky":false,"template":"","format":"standard","meta":{"_acf_changed":false,"footnotes":""},"categories":[198],"tags":[],"class_list":["post-4850","post","type-post","status-publish","format-standard","has-post-thumbnail","hentry","category-club-es"],"acf":[],"_links":{"self":[{"href":"https:\/\/poniclubcatalunya.cat\/es\/wp-json\/wp\/v2\/posts\/4850","targetHints":{"allow":["GET"]}}],"collection":[{"href":"https:\/\/poniclubcatalunya.cat\/es\/wp-json\/wp\/v2\/posts"}],"about":[{"href":"https:\/\/poniclubcatalunya.cat\/es\/wp-json\/wp\/v2\/types\/post"}],"author":[{"embeddable":true,"href":"https:\/\/poniclubcatalunya.cat\/es\/wp-json\/wp\/v2\/users\/1"}],"replies":[{"embeddable":true,"href":"https:\/\/poniclubcatalunya.cat\/es\/wp-json\/wp\/v2\/comments?post=4850"}],"version-history":[{"count":1,"href":"https:\/\/poniclubcatalunya.cat\/es\/wp-json\/wp\/v2\/posts\/4850\/revisions"}],"predecessor-version":[{"id":4858,"href":"https:\/\/poniclubcatalunya.cat\/es\/wp-json\/wp\/v2\/posts\/4850\/revisions\/4858"}],"wp:featuredmedia":[{"embeddable":true,"href":"https:\/\/poniclubcatalunya.cat\/es\/wp-json\/wp\/v2\/media\/3806"}],"wp:attachment":[{"href":"https:\/\/poniclubcatalunya.cat\/es\/wp-json\/wp\/v2\/media?parent=4850"}],"wp:term":[{"taxonomy":"category","embeddable":true,"href":"https:\/\/poniclubcatalunya.cat\/es\/wp-json\/wp\/v2\/categories?post=4850"},{"taxonomy":"post_tag","embeddable":true,"href":"https:\/\/poniclubcatalunya.cat\/es\/wp-json\/wp\/v2\/tags?post=4850"}],"curies":[{"name":"wp","href":"https:\/\/api.w.org\/{rel}","templated":true}]}}