{"id":4861,"date":"2019-12-04T13:22:45","date_gmt":"2019-12-04T13:22:45","guid":{"rendered":"https:\/\/lacuinade.timit2003.com\/poniclub\/sin-categorizar\/la-pequena-escuela-de-ponis-con-el-maraton-de-tv3\/"},"modified":"2024-01-12T15:21:56","modified_gmt":"2024-01-12T15:21:56","slug":"la-pequena-escuela-de-ponis-con-el-maraton-de-tv3","status":"publish","type":"post","link":"https:\/\/poniclubcatalunya.cat\/es\/la-pequena-escuela-de-ponis-con-el-maraton-de-tv3\/","title":{"rendered":"La Peque\u00f1a Escuela de Ponis con el Marat\u00f3n de TV3"},"content":{"rendered":"\n<p>Para el dia 7 de diciembre hemos preparado un photocall muy bonito.<\/p>\n\n<p>Los de la Peque\u00f1a Escuela queremos realizar una gran donaci\u00f3n, los fondos ir\u00e1n destinados a la investigaci\u00f3n y tratamiento de las <strong>enfermedades minoritarias<\/strong> .<\/p>\n\n<p><strong>Os esperamos a todos con sus familias.<\/strong><\/p>\n\n<p>*Las fotograf\u00edas tambi\u00e9n podr\u00e1n ser en familia.<\/p>\n","protected":false},"excerpt":{"rendered":"<p>Para el dia 7 de diciembre hemos preparado un photocall muy bonito. Los de la Peque\u00f1a Escuela queremos realizar una gran donaci\u00f3n, los fondos ir\u00e1n destinados a la investigaci\u00f3n y tratamiento de las enfermedades minoritarias . Os esperamos a todos con sus familias. *Las fotograf\u00edas tambi\u00e9n podr\u00e1n ser en familia.<\/p>\n","protected":false},"author":1,"featured_media":4048,"comment_status":"open","ping_status":"closed","sticky":false,"template":"","format":"standard","meta":{"_acf_changed":false,"footnotes":""},"categories":[197],"tags":[],"class_list":["post-4861","post","type-post","status-publish","format-standard","has-post-thumbnail","hentry","category-pequena-escuela"],"acf":[],"_links":{"self":[{"href":"https:\/\/poniclubcatalunya.cat\/es\/wp-json\/wp\/v2\/posts\/4861","targetHints":{"allow":["GET"]}}],"collection":[{"href":"https:\/\/poniclubcatalunya.cat\/es\/wp-json\/wp\/v2\/posts"}],"about":[{"href":"https:\/\/poniclubcatalunya.cat\/es\/wp-json\/wp\/v2\/types\/post"}],"author":[{"embeddable":true,"href":"https:\/\/poniclubcatalunya.cat\/es\/wp-json\/wp\/v2\/users\/1"}],"replies":[{"embeddable":true,"href":"https:\/\/poniclubcatalunya.cat\/es\/wp-json\/wp\/v2\/comments?post=4861"}],"version-history":[{"count":1,"href":"https:\/\/poniclubcatalunya.cat\/es\/wp-json\/wp\/v2\/posts\/4861\/revisions"}],"predecessor-version":[{"id":4873,"href":"https:\/\/poniclubcatalunya.cat\/es\/wp-json\/wp\/v2\/posts\/4861\/revisions\/4873"}],"wp:featuredmedia":[{"embeddable":true,"href":"https:\/\/poniclubcatalunya.cat\/es\/wp-json\/wp\/v2\/media\/4048"}],"wp:attachment":[{"href":"https:\/\/poniclubcatalunya.cat\/es\/wp-json\/wp\/v2\/media?parent=4861"}],"wp:term":[{"taxonomy":"category","embeddable":true,"href":"https:\/\/poniclubcatalunya.cat\/es\/wp-json\/wp\/v2\/categories?post=4861"},{"taxonomy":"post_tag","embeddable":true,"href":"https:\/\/poniclubcatalunya.cat\/es\/wp-json\/wp\/v2\/tags?post=4861"}],"curies":[{"name":"wp","href":"https:\/\/api.w.org\/{rel}","templated":true}]}}