{"id":4879,"date":"2019-03-20T09:39:21","date_gmt":"2019-03-20T09:39:21","guid":{"rendered":"https:\/\/lacuinade.timit2003.com\/poniclub\/sin-categorizar\/abiertas-las-inscripciones-de-los-cursillos-de-verano\/"},"modified":"2024-01-12T15:21:56","modified_gmt":"2024-01-12T15:21:56","slug":"abiertas-las-inscripciones-de-los-cursillos-de-verano","status":"publish","type":"post","link":"https:\/\/poniclubcatalunya.cat\/es\/abiertas-las-inscripciones-de-los-cursillos-de-verano\/","title":{"rendered":"Abiertas las inscripciones de los Cursillos de Verano"},"content":{"rendered":"\n<p><strong>DISFRUTA DEL VERANO CON NOSOTROS!<\/strong><\/p>\n\n<p><strong>SEMANAS PROGRAMADAS<\/strong><\/p>\n\n<p>DEL 25\/6 al 28\/6<br\/>\nDel 1\/7 al 5\/7<br\/>\nDel 8\/7 al 12\/7<br\/>\nDel 15\/7 al 19\/7<br\/>\nDel 22\/7 al 26\/7<br\/>\nDel 29\/7 al 2\/8<\/p>\n\n<p><strong>AGOSTO NO CERRAMOS<\/strong><\/p>\n\n<p><\/p>\n\n<p>Del del 2\/6 al 8\/9<\/p>\n\n<p>Clases de iniciaci\u00f3n<br\/>\nClases de Perfeccionamiento<br\/>\nPreparaci\u00f3n ex\u00e1menes de Galops<br\/>\nPeque\u00f1a Escuela de Ponis<br\/>\nPonisEx\u00e1menes de Galopes<br\/>\nClases particulares y\/o grupos reducidos por las tardes<br\/>\nExcursiones programadas<br\/>\nOpci\u00f3n d\u00edas sueltos seg\u00fan disponibilidad<\/p>\n","protected":false},"excerpt":{"rendered":"<p>DISFRUTA DEL VERANO CON NOSOTROS! SEMANAS PROGRAMADAS DEL 25\/6 al 28\/6 Del 1\/7 al 5\/7 Del 8\/7 al 12\/7 Del 15\/7 al 19\/7 Del 22\/7 al 26\/7 Del 29\/7 al 2\/8 AGOSTO NO CERRAMOS Del del 2\/6 al 8\/9 Clases de iniciaci\u00f3n Clases de Perfeccionamiento Preparaci\u00f3n ex\u00e1menes de Galops Peque\u00f1a Escuela de Ponis PonisEx\u00e1menes de [&hellip;]<\/p>\n","protected":false},"author":1,"featured_media":3858,"comment_status":"open","ping_status":"closed","sticky":false,"template":"","format":"standard","meta":{"_acf_changed":false,"footnotes":""},"categories":[198],"tags":[],"class_list":["post-4879","post","type-post","status-publish","format-standard","has-post-thumbnail","hentry","category-club-es"],"acf":[],"_links":{"self":[{"href":"https:\/\/poniclubcatalunya.cat\/es\/wp-json\/wp\/v2\/posts\/4879","targetHints":{"allow":["GET"]}}],"collection":[{"href":"https:\/\/poniclubcatalunya.cat\/es\/wp-json\/wp\/v2\/posts"}],"about":[{"href":"https:\/\/poniclubcatalunya.cat\/es\/wp-json\/wp\/v2\/types\/post"}],"author":[{"embeddable":true,"href":"https:\/\/poniclubcatalunya.cat\/es\/wp-json\/wp\/v2\/users\/1"}],"replies":[{"embeddable":true,"href":"https:\/\/poniclubcatalunya.cat\/es\/wp-json\/wp\/v2\/comments?post=4879"}],"version-history":[{"count":1,"href":"https:\/\/poniclubcatalunya.cat\/es\/wp-json\/wp\/v2\/posts\/4879\/revisions"}],"predecessor-version":[{"id":4886,"href":"https:\/\/poniclubcatalunya.cat\/es\/wp-json\/wp\/v2\/posts\/4879\/revisions\/4886"}],"wp:featuredmedia":[{"embeddable":true,"href":"https:\/\/poniclubcatalunya.cat\/es\/wp-json\/wp\/v2\/media\/3858"}],"wp:attachment":[{"href":"https:\/\/poniclubcatalunya.cat\/es\/wp-json\/wp\/v2\/media?parent=4879"}],"wp:term":[{"taxonomy":"category","embeddable":true,"href":"https:\/\/poniclubcatalunya.cat\/es\/wp-json\/wp\/v2\/categories?post=4879"},{"taxonomy":"post_tag","embeddable":true,"href":"https:\/\/poniclubcatalunya.cat\/es\/wp-json\/wp\/v2\/tags?post=4879"}],"curies":[{"name":"wp","href":"https:\/\/api.w.org\/{rel}","templated":true}]}}